{"id":3951,"date":"2022-12-30T18:00:00","date_gmt":"2022-12-30T17:00:00","guid":{"rendered":"https:\/\/www.domaine-de-soustres.fr\/les-salons-du-printemps-a-venir\/"},"modified":"2023-01-12T17:26:28","modified_gmt":"2023-01-12T16:26:28","slug":"les-salons-du-printemps-a-venir","status":"publish","type":"post","link":"https:\/\/www.domaine-de-soustres.fr\/en\/les-salons-du-printemps-a-venir\/","title":{"rendered":"les salons du printemps \u00e0 venir !"},"content":{"rendered":"\n<h2 class=\"wp-block-heading\"><strong>Les f\u00eates \u00e9tant pass\u00e9es, il est temps de se retrouver !<\/strong><\/h2>\n\n\n\n<p class=\"is-style-subtitle\" style=\"font-style:normal;font-weight:400\">Apr\u00e8s cette saison d\u2019automne, nous vous donnons rendez-vous lors des prochains \u00e9v\u00e9nements et salons qui sont \u00e0 venir ! &nbsp;<\/p>\n\n\n\n<p class=\"is-style-subtitle\" style=\"font-style:normal;font-weight:400\">Gr\u00e2ce aux salons d\u2019automne et \u00e0 vos retours, nous sommes ravis que la cuv\u00e9e LINIUM vous ait autant plu ! Elle devrait encore se bonifier dans les mois \u00e0 venir&#8230;&nbsp;&nbsp;<\/p>\n\n\n\n<p class=\"is-style-subtitle\" style=\"font-style:normal;font-weight:400\">Et qui sait, peut-\u00eatre que ce sera aussi l\u2019occasion pour vous de d\u00e9couvrir nos cuv\u00e9es <a href=\"https:\/\/www.domaine-de-soustres.fr\/produit\/grenache-noir-2019\/\">\u201cLes Grenaches\u201d<\/a> ainsi que notre cuv\u00e9e \u201c<a href=\"https:\/\/www.domaine-de-soustres.fr\/produit\/grand-carignan-2021\/\">Les Parcelles<\/a>\u201d en 100% Carignan.&nbsp;&nbsp;<\/p>\n\n\n\n<p class=\"is-style-subtitle\" style=\"font-style:normal;font-weight:400\">Pour ceux qui attendent la cuv\u00e9e \u201cPierre\u201d, embl\u00e9matique du domaine de Soustres, un peu de patience. Tout bon vin n\u00e9cessite un peu d\u2019attente&#8230;&nbsp;&nbsp;<\/p>\n\n\n\n<p class=\"is-style-subtitle\" style=\"font-style:normal;font-weight:400\">Si un salon se d\u00e9roule dans votre r\u00e9gion, nous vous tiendrons inform\u00e9s par mail avec une invitation pour 2 personnes, quelques jours avant le salon. Et si vous n\u2019\u00eates pas client ou que vous souhaitez participer \u00e0 une salon dans une autre r\u00e9gion que la v\u00f4tre, mais que vous souhaitez nous rencontrer lors du salon, n\u2019h\u00e9sitez pas \u00e0 nous contacter au 04.67.93.43.75 ou par mail \u00e0 <a href=\"mailto:contact@domaine-de-soustres.fr\" target=\"_blank\" rel=\"noreferrer noopener\">contact@domaine-de-soustres.fr<\/a> , nous prendrons vos coordonn\u00e9es pour vous faire parvenir une invitation !&nbsp;&nbsp;&nbsp;<\/p>\n\n\n\n<p class=\"is-style-subtitle\"><\/p>\n\n\n\n<p class=\"is-style-subtitle\"><\/p>\n\n\n\n<p class=\"is-style-subtitle\"><\/p>\n\n\n\n<div class=\"wp-block-columns is-layout-flex wp-container-core-columns-is-layout-9d6595d7 wp-block-columns-is-layout-flex\">\n<div class=\"wp-block-column is-vertically-aligned-top is-layout-flow wp-block-column-is-layout-flow\" style=\"flex-basis:50%\">\n<h2 class=\"wp-block-heading\">Clermont-Ferrand<\/h2>\n\n\n\n<figure class=\"wp-block-image size-full is-resized\"><img decoding=\"async\" data-src=\"https:\/\/www.domaine-de-soustres.fr\/wp-content\/uploads\/sites\/5\/2022\/09\/salon-clermont-ferrand.png\" alt=\"Domaine-de-soustres_salon-clermont-ferrand\" class=\"wp-image-3493 lazyload\" width=\"466\" height=\"350\" data-srcset=\"https:\/\/www.domaine-de-soustres.fr\/wp-content\/uploads\/sites\/5\/2022\/09\/salon-clermont-ferrand.png 1024w, https:\/\/www.domaine-de-soustres.fr\/wp-content\/uploads\/sites\/5\/2022\/09\/salon-clermont-ferrand-300x225.png 300w, https:\/\/www.domaine-de-soustres.fr\/wp-content\/uploads\/sites\/5\/2022\/09\/salon-clermont-ferrand-768x576.png 768w, https:\/\/www.domaine-de-soustres.fr\/wp-content\/uploads\/sites\/5\/2022\/09\/salon-clermont-ferrand-80x60.png 80w, https:\/\/www.domaine-de-soustres.fr\/wp-content\/uploads\/sites\/5\/2022\/09\/salon-clermont-ferrand-104x78.png 104w, https:\/\/www.domaine-de-soustres.fr\/wp-content\/uploads\/sites\/5\/2022\/09\/salon-clermont-ferrand-73x55.png 73w, https:\/\/www.domaine-de-soustres.fr\/wp-content\/uploads\/sites\/5\/2022\/09\/salon-clermont-ferrand-220x165.png 220w, https:\/\/www.domaine-de-soustres.fr\/wp-content\/uploads\/sites\/5\/2022\/09\/salon-clermont-ferrand-262x197.png 262w, https:\/\/www.domaine-de-soustres.fr\/wp-content\/uploads\/sites\/5\/2022\/09\/salon-clermont-ferrand-380x285.png 380w, https:\/\/www.domaine-de-soustres.fr\/wp-content\/uploads\/sites\/5\/2022\/09\/salon-clermont-ferrand-149x112.png 149w, https:\/\/www.domaine-de-soustres.fr\/wp-content\/uploads\/sites\/5\/2022\/09\/salon-clermont-ferrand-500x375.png 500w, https:\/\/www.domaine-de-soustres.fr\/wp-content\/uploads\/sites\/5\/2022\/09\/salon-clermont-ferrand-600x450.png 600w\" data-sizes=\"(max-width: 466px) 100vw, 466px\" src=\"data:image\/svg+xml;base64,PHN2ZyB3aWR0aD0iMSIgaGVpZ2h0PSIxIiB4bWxucz0iaHR0cDovL3d3dy53My5vcmcvMjAwMC9zdmciPjwvc3ZnPg==\" style=\"--smush-placeholder-width: 466px; --smush-placeholder-aspect-ratio: 466\/350;\" \/><\/figure>\n\n\n\n\n<h4 class=\"accordion-title\">30\u00e8me \u00e9dition du SALON VINIDOME &#8211; STAND A8<\/h4><div class=\"accordion\">\n    <div class=\"ac-item\"><h5 class=\"ac-title\">3 au 6 f\u00e9vrier 2023<\/h5><div class=\"ac-content\"><p>Adresse : Grande Halle d\u2019Auvergne, Plaine de Sarli\u00e8re, 63800 Cournon-d&#8217;Auvergne <br> \r\n\r\n<br> Ouverture<br> \r\n\r\n&#8211; Vendredi 3 f\u00e9vrier de 14h \u00e0 20h30 <br> \r\n\r\n&#8211; Samedi 4 f\u00e9vrier de 10h \u00e0 20h30<br> \r\n\r\n&#8211; Dimanche 5 f\u00e9vrier de 10h \u00e0 19h<br> \r\n\r\n&#8211; Lundi 6 f\u00e9vrier de 10h \u00e0 17h<br> <\/p><\/div><\/div><\/div>\n\n\n\n<p><a href=\"https:\/\/www.vinidome.salon-vinifrance.fr\/\">Site Web<\/a> Vinidome <\/p>\n<\/div>\n\n\n\n<div class=\"wp-block-column is-layout-flow wp-block-column-is-layout-flow\">\n<h2 class=\"wp-block-heading\">Paris <\/h2>\n\n\n\n<div class=\"wp-block-image\"><figure class=\"aligncenter size-large\"><img decoding=\"async\" width=\"1024\" height=\"766\" data-src=\"https:\/\/www.domaine-de-soustres.fr\/wp-content\/uploads\/sites\/5\/2022\/12\/capture-decran-2022-12-30-a-120728-1024x766.png\" alt=\"Domaine_de_Soustres-salon-de-agriculture2\" class=\"wp-image-3918 lazyload\" data-srcset=\"https:\/\/www.domaine-de-soustres.fr\/wp-content\/uploads\/sites\/5\/2022\/12\/capture-decran-2022-12-30-a-120728-1024x766.png 1024w, https:\/\/www.domaine-de-soustres.fr\/wp-content\/uploads\/sites\/5\/2022\/12\/capture-decran-2022-12-30-a-120728-300x224.png 300w, https:\/\/www.domaine-de-soustres.fr\/wp-content\/uploads\/sites\/5\/2022\/12\/capture-decran-2022-12-30-a-120728-768x574.png 768w, https:\/\/www.domaine-de-soustres.fr\/wp-content\/uploads\/sites\/5\/2022\/12\/capture-decran-2022-12-30-a-120728-80x60.png 80w, https:\/\/www.domaine-de-soustres.fr\/wp-content\/uploads\/sites\/5\/2022\/12\/capture-decran-2022-12-30-a-120728-104x78.png 104w, https:\/\/www.domaine-de-soustres.fr\/wp-content\/uploads\/sites\/5\/2022\/12\/capture-decran-2022-12-30-a-120728-134x100.png 134w, https:\/\/www.domaine-de-soustres.fr\/wp-content\/uploads\/sites\/5\/2022\/12\/capture-decran-2022-12-30-a-120728-74x55.png 74w, https:\/\/www.domaine-de-soustres.fr\/wp-content\/uploads\/sites\/5\/2022\/12\/capture-decran-2022-12-30-a-120728-221x165.png 221w, https:\/\/www.domaine-de-soustres.fr\/wp-content\/uploads\/sites\/5\/2022\/12\/capture-decran-2022-12-30-a-120728-262x196.png 262w, https:\/\/www.domaine-de-soustres.fr\/wp-content\/uploads\/sites\/5\/2022\/12\/capture-decran-2022-12-30-a-120728-380x284.png 380w, https:\/\/www.domaine-de-soustres.fr\/wp-content\/uploads\/sites\/5\/2022\/12\/capture-decran-2022-12-30-a-120728-150x112.png 150w, https:\/\/www.domaine-de-soustres.fr\/wp-content\/uploads\/sites\/5\/2022\/12\/capture-decran-2022-12-30-a-120728-500x374.png 500w, https:\/\/www.domaine-de-soustres.fr\/wp-content\/uploads\/sites\/5\/2022\/12\/capture-decran-2022-12-30-a-120728-600x449.png 600w, https:\/\/www.domaine-de-soustres.fr\/wp-content\/uploads\/sites\/5\/2022\/12\/capture-decran-2022-12-30-a-120728.png 1500w\" data-sizes=\"(max-width: 1024px) 100vw, 1024px\" src=\"data:image\/svg+xml;base64,PHN2ZyB3aWR0aD0iMSIgaGVpZ2h0PSIxIiB4bWxucz0iaHR0cDovL3d3dy53My5vcmcvMjAwMC9zdmciPjwvc3ZnPg==\" style=\"--smush-placeholder-width: 1024px; --smush-placeholder-aspect-ratio: 1024\/766;\" \/><\/figure><\/div>\n\n\n\n\n<h4 class=\"accordion-title\">58\u00e8me \u00e9dition du SALON DE L&#8217;AGRICULTURE DE PARIS- Hall 3- All\u00e9e F &#8211; Stand 072<\/h4><div class=\"accordion\">\n    <div class=\"ac-item\"><h5 class=\"ac-title\">28 f\u00e9vrier au 2 mars 2023<\/h5><div class=\"ac-content\"><p>Adresse : 1 Pl. de la Prte de Versailles, 75015 Paris, PAVILLON 3 All\u00e9e F, num\u00e9ro 072 <br>\r\n<br>Ouverture<br>\r\n&#8211; Mardi 28 f\u00e9vrier de 09h &#8211; 19h <br>\r\n&#8211; Mercredi 01 mars de 09h &#8211; 19h <br>\r\n&#8211; Lundi 02 mars de 09h &#8211; 19h <br> <\/p><\/div><\/div><\/div>\n\n\n\n<p><a href=\"https:\/\/www.salon-agriculture.com\/\">Site Web<\/a> Salon de L&#8217;agriculture<\/p>\n<\/div>\n<\/div>\n\n\n\n<div class=\"wp-block-columns is-layout-flex wp-container-core-columns-is-layout-9d6595d7 wp-block-columns-is-layout-flex\">\n<div class=\"wp-block-column is-layout-flow wp-block-column-is-layout-flow\">\n<h2 class=\"wp-block-heading\">Annemasse<\/h2>\n\n\n\n<figure class=\"wp-block-image size-full\"><img decoding=\"async\" width=\"1024\" height=\"768\" data-src=\"https:\/\/www.domaine-de-soustres.fr\/wp-content\/uploads\/sites\/5\/2022\/09\/domaine-de-soustres-salons.png\" alt=\"Domaine-de-soustres-salons\" class=\"wp-image-3522 lazyload\" data-srcset=\"https:\/\/www.domaine-de-soustres.fr\/wp-content\/uploads\/sites\/5\/2022\/09\/domaine-de-soustres-salons.png 1024w, https:\/\/www.domaine-de-soustres.fr\/wp-content\/uploads\/sites\/5\/2022\/09\/domaine-de-soustres-salons-300x225.png 300w, https:\/\/www.domaine-de-soustres.fr\/wp-content\/uploads\/sites\/5\/2022\/09\/domaine-de-soustres-salons-768x576.png 768w, https:\/\/www.domaine-de-soustres.fr\/wp-content\/uploads\/sites\/5\/2022\/09\/domaine-de-soustres-salons-80x60.png 80w, https:\/\/www.domaine-de-soustres.fr\/wp-content\/uploads\/sites\/5\/2022\/09\/domaine-de-soustres-salons-104x78.png 104w, https:\/\/www.domaine-de-soustres.fr\/wp-content\/uploads\/sites\/5\/2022\/09\/domaine-de-soustres-salons-73x55.png 73w, https:\/\/www.domaine-de-soustres.fr\/wp-content\/uploads\/sites\/5\/2022\/09\/domaine-de-soustres-salons-220x165.png 220w, https:\/\/www.domaine-de-soustres.fr\/wp-content\/uploads\/sites\/5\/2022\/09\/domaine-de-soustres-salons-262x197.png 262w, https:\/\/www.domaine-de-soustres.fr\/wp-content\/uploads\/sites\/5\/2022\/09\/domaine-de-soustres-salons-380x285.png 380w, https:\/\/www.domaine-de-soustres.fr\/wp-content\/uploads\/sites\/5\/2022\/09\/domaine-de-soustres-salons-149x112.png 149w, https:\/\/www.domaine-de-soustres.fr\/wp-content\/uploads\/sites\/5\/2022\/09\/domaine-de-soustres-salons-500x375.png 500w, https:\/\/www.domaine-de-soustres.fr\/wp-content\/uploads\/sites\/5\/2022\/09\/domaine-de-soustres-salons-600x450.png 600w\" data-sizes=\"(max-width: 1024px) 100vw, 1024px\" src=\"data:image\/svg+xml;base64,PHN2ZyB3aWR0aD0iMSIgaGVpZ2h0PSIxIiB4bWxucz0iaHR0cDovL3d3dy53My5vcmcvMjAwMC9zdmciPjwvc3ZnPg==\" style=\"--smush-placeholder-width: 1024px; --smush-placeholder-aspect-ratio: 1024\/768;\" \/><\/figure>\n\n\n\n\n<h4 class=\"accordion-title\">9\u00e8me Salon des Vins et Produits du Terroir   <\/h4><div class=\"accordion\">\n    <div class=\"ac-item\"><h5 class=\"ac-title\">24 au 26 Mars 2023<\/h5><div class=\"ac-content\"><p>Adresse : Complexe Martin Luther King \u2013 Annemasse<br> \r\n<br> \r\nOuverture<br> \r\n&#8211; Vendredi 24 mars de 15h \u00e0 20h30h<br> \r\n&#8211; Samedi 25 mars de 10h \u00e0 20h30<br> \r\n&#8211; Dimance 26 mars de 10h \u00e0 19h<br><\/p><\/div><\/div><\/div>\n\n\n\n<p><a href=\"https:\/\/www.salondesvins-et-produits-du-terroir.com\/\" data-type=\"URL\" target=\"_blank\" rel=\"noreferrer noopener\">Site web <\/a>Vins et terroirs<\/p>\n<\/div>\n\n\n\n<div class=\"wp-block-column is-layout-flow wp-block-column-is-layout-flow\">\n<h2 class=\"wp-block-heading\">Colombiers<\/h2>\n\n\n\n<figure class=\"wp-block-image size-full\"><img decoding=\"async\" width=\"590\" height=\"408\" data-src=\"https:\/\/www.domaine-de-soustres.fr\/wp-content\/uploads\/sites\/5\/2023\/01\/capture-decran-2023-01-12-a-115427.png\" alt=\"Domaine_de_soustres-salons10\" class=\"wp-image-4002 lazyload\" data-srcset=\"https:\/\/www.domaine-de-soustres.fr\/wp-content\/uploads\/sites\/5\/2023\/01\/capture-decran-2023-01-12-a-115427.png 590w, https:\/\/www.domaine-de-soustres.fr\/wp-content\/uploads\/sites\/5\/2023\/01\/capture-decran-2023-01-12-a-115427-300x207.png 300w, https:\/\/www.domaine-de-soustres.fr\/wp-content\/uploads\/sites\/5\/2023\/01\/capture-decran-2023-01-12-a-115427-87x60.png 87w, https:\/\/www.domaine-de-soustres.fr\/wp-content\/uploads\/sites\/5\/2023\/01\/capture-decran-2023-01-12-a-115427-113x78.png 113w, https:\/\/www.domaine-de-soustres.fr\/wp-content\/uploads\/sites\/5\/2023\/01\/capture-decran-2023-01-12-a-115427-145x100.png 145w, https:\/\/www.domaine-de-soustres.fr\/wp-content\/uploads\/sites\/5\/2023\/01\/capture-decran-2023-01-12-a-115427-80x55.png 80w, https:\/\/www.domaine-de-soustres.fr\/wp-content\/uploads\/sites\/5\/2023\/01\/capture-decran-2023-01-12-a-115427-239x165.png 239w, https:\/\/www.domaine-de-soustres.fr\/wp-content\/uploads\/sites\/5\/2023\/01\/capture-decran-2023-01-12-a-115427-262x181.png 262w, https:\/\/www.domaine-de-soustres.fr\/wp-content\/uploads\/sites\/5\/2023\/01\/capture-decran-2023-01-12-a-115427-380x263.png 380w, https:\/\/www.domaine-de-soustres.fr\/wp-content\/uploads\/sites\/5\/2023\/01\/capture-decran-2023-01-12-a-115427-162x112.png 162w, https:\/\/www.domaine-de-soustres.fr\/wp-content\/uploads\/sites\/5\/2023\/01\/capture-decran-2023-01-12-a-115427-500x346.png 500w\" data-sizes=\"(max-width: 590px) 100vw, 590px\" src=\"data:image\/svg+xml;base64,PHN2ZyB3aWR0aD0iMSIgaGVpZ2h0PSIxIiB4bWxucz0iaHR0cDovL3d3dy53My5vcmcvMjAwMC9zdmciPjwvc3ZnPg==\" style=\"--smush-placeholder-width: 590px; --smush-placeholder-aspect-ratio: 590\/408;\" \/><\/figure>\n\n\n\n\n<h4 class=\"accordion-title\">Salon Arts et Terroirs<\/h4><div class=\"accordion\">\n    <div class=\"ac-item\"><h5 class=\"ac-title\">02 au 03 avril 2023<\/h5><div class=\"ac-content\"><p>Adresse : Cave du Ch\u00e2teau de Colombiers, 34440, Colombiers<br> \r\n<br> \r\nOuverture<br> \r\n-Samedi 02 avril 2022 de 09h30 \u00e0 19h<br> \r\n&#8211; Dimanche 03 avril 2022 de 09h30 \u00e0 18h<\/p><\/div><\/div><\/div>\n\n\n\n<p><a href=\"https:\/\/www.ville-colombiers.fr\/blog\/2022\/03\/21\/salon-arts-terroirs\/\" data-type=\"URL\" target=\"_blank\" rel=\"noreferrer noopener\">Site web <\/a>Arts et terroirs<\/p>\n<\/div>\n\n\n\n<div class=\"wp-block-column is-layout-flow wp-block-column-is-layout-flow\">\n<h2 class=\"wp-block-heading\">Strasbourg<\/h2>\n\n\n\n<figure class=\"wp-block-image size-full\"><img decoding=\"async\" width=\"1024\" height=\"768\" data-src=\"https:\/\/www.domaine-de-soustres.fr\/wp-content\/uploads\/sites\/5\/2022\/09\/salon-strasbourg.png\" alt=\"Domaine-de-soustres_salon-strasbourg\" class=\"wp-image-3505 lazyload\" data-srcset=\"https:\/\/www.domaine-de-soustres.fr\/wp-content\/uploads\/sites\/5\/2022\/09\/salon-strasbourg.png 1024w, https:\/\/www.domaine-de-soustres.fr\/wp-content\/uploads\/sites\/5\/2022\/09\/salon-strasbourg-300x225.png 300w, https:\/\/www.domaine-de-soustres.fr\/wp-content\/uploads\/sites\/5\/2022\/09\/salon-strasbourg-768x576.png 768w, https:\/\/www.domaine-de-soustres.fr\/wp-content\/uploads\/sites\/5\/2022\/09\/salon-strasbourg-80x60.png 80w, https:\/\/www.domaine-de-soustres.fr\/wp-content\/uploads\/sites\/5\/2022\/09\/salon-strasbourg-104x78.png 104w, https:\/\/www.domaine-de-soustres.fr\/wp-content\/uploads\/sites\/5\/2022\/09\/salon-strasbourg-73x55.png 73w, https:\/\/www.domaine-de-soustres.fr\/wp-content\/uploads\/sites\/5\/2022\/09\/salon-strasbourg-220x165.png 220w, https:\/\/www.domaine-de-soustres.fr\/wp-content\/uploads\/sites\/5\/2022\/09\/salon-strasbourg-262x197.png 262w, https:\/\/www.domaine-de-soustres.fr\/wp-content\/uploads\/sites\/5\/2022\/09\/salon-strasbourg-380x285.png 380w, https:\/\/www.domaine-de-soustres.fr\/wp-content\/uploads\/sites\/5\/2022\/09\/salon-strasbourg-149x112.png 149w, https:\/\/www.domaine-de-soustres.fr\/wp-content\/uploads\/sites\/5\/2022\/09\/salon-strasbourg-500x375.png 500w, https:\/\/www.domaine-de-soustres.fr\/wp-content\/uploads\/sites\/5\/2022\/09\/salon-strasbourg-600x450.png 600w\" data-sizes=\"(max-width: 1024px) 100vw, 1024px\" src=\"data:image\/svg+xml;base64,PHN2ZyB3aWR0aD0iMSIgaGVpZ2h0PSIxIiB4bWxucz0iaHR0cDovL3d3dy53My5vcmcvMjAwMC9zdmciPjwvc3ZnPg==\" style=\"--smush-placeholder-width: 1024px; --smush-placeholder-aspect-ratio: 1024\/768;\" \/><\/figure>\n\n\n\n\n<h4 class=\"accordion-title\">19\u00e8me \u00e9dition du salon gastronomique Mer et Vigne<\/h4><div class=\"accordion\">\n    <div class=\"ac-item\"><h5 class=\"ac-title\">21 avril au 24 avril 2023<\/h5><div class=\"ac-content\"><p>Adresse : Z\u00e9nith de Strasbourg, 1 All. du Z\u00e9nith, 67201 Eckbolsheim <br> \r\n\r\n<br> \r\n\r\nOuverture<br> \r\n\r\n&#8211; Vendredi 21 avril de 11h00 \u00e0 22h00 <br> \r\n\r\n&#8211; Samedi 22 avril de 10h00 \u00e0 21h00<br> \r\n\r\n-Dimanche 23 avril de 10h00 \u00e0 20h00<br>\r\n-Lundi 24 avril de 10h00 \u00e0 18h00   \r\n<\/p><\/div><\/div><\/div>\n\n\n\n<p><a href=\"https:\/\/www.mer-et-vigne.fr\/salons\/salon-gastronomique-printemps-de-strasbourg\" data-type=\"URL\" target=\"_blank\" rel=\"noreferrer noopener\">Site web<\/a> Mer et Vigne<\/p>\n<\/div>\n<\/div>\n\n\n\n<div class=\"wp-block-columns is-layout-flex wp-container-core-columns-is-layout-9d6595d7 wp-block-columns-is-layout-flex\"><\/div>\n\n\n\n<p class=\"is-style-subtitle\">On vous dit \u00e0 tr\u00e8s vite\u2026.&nbsp;<\/p>\n","protected":false},"excerpt":{"rendered":"<p>Les f\u00eates \u00e9tant pass\u00e9es, il est temps de se retrouver ! Apr\u00e8s cette saison d\u2019automne, nous vous donnons rendez-vous lors des prochains \u00e9v\u00e9nements et salons qui sont \u00e0 venir ! &nbsp; Gr\u00e2ce aux salons d\u2019automne et \u00e0 vos retours, nous sommes ravis que la cuv\u00e9e LINIUM vous ait autant plu ! Elle devrait encore se [&hellip;]<\/p>\n","protected":false},"author":27,"featured_media":4024,"comment_status":"closed","ping_status":"closed","sticky":false,"template":"","format":"standard","meta":{"wds_primary_category":0,"footnotes":""},"categories":[62],"class_list":["post-3951","post","type-post","status-publish","format-standard","has-post-thumbnail","hentry","category-event-en"],"acf":[],"_links":{"self":[{"href":"https:\/\/www.domaine-de-soustres.fr\/en\/wp-json\/wp\/v2\/posts\/3951","targetHints":{"allow":["GET"]}}],"collection":[{"href":"https:\/\/www.domaine-de-soustres.fr\/en\/wp-json\/wp\/v2\/posts"}],"about":[{"href":"https:\/\/www.domaine-de-soustres.fr\/en\/wp-json\/wp\/v2\/types\/post"}],"author":[{"embeddable":true,"href":"https:\/\/www.domaine-de-soustres.fr\/en\/wp-json\/wp\/v2\/users\/27"}],"replies":[{"embeddable":true,"href":"https:\/\/www.domaine-de-soustres.fr\/en\/wp-json\/wp\/v2\/comments?post=3951"}],"version-history":[{"count":0,"href":"https:\/\/www.domaine-de-soustres.fr\/en\/wp-json\/wp\/v2\/posts\/3951\/revisions"}],"wp:featuredmedia":[{"embeddable":true,"href":"https:\/\/www.domaine-de-soustres.fr\/en\/wp-json\/wp\/v2\/media\/4024"}],"wp:attachment":[{"href":"https:\/\/www.domaine-de-soustres.fr\/en\/wp-json\/wp\/v2\/media?parent=3951"}],"wp:term":[{"taxonomy":"category","embeddable":true,"href":"https:\/\/www.domaine-de-soustres.fr\/en\/wp-json\/wp\/v2\/categories?post=3951"}],"curies":[{"name":"wp","href":"https:\/\/api.w.org\/{rel}","templated":true}]}}